{"id":1057,"date":"2023-06-02T21:13:17","date_gmt":"2023-06-02T19:13:17","guid":{"rendered":"https:\/\/fenetres-japon.fr\/?p=1057"},"modified":"2024-02-12T17:25:48","modified_gmt":"2024-02-12T16:25:48","slug":"living-in-tatekawa-%e7%ab%aa%e5%b7%9d%e3%81%ab%e7%94%9f%e3%81%8d%e3%82%8b-de-yamamoto-yoko","status":"publish","type":"post","link":"https:\/\/fenetres-japon.fr\/?p=1057&lang=en","title":{"rendered":"Living in Tatekawa [\u7aea\u5ddd\u306b\u751f\u304d\u308b], by YAMAMOTO Y\u014dko"},"content":{"rendered":"\n<h3><span class=\"has-inline-color has-accent-color\">Wednesday February 28th, 2024 Screening (Saint-Denis)<\/span><\/h3>\n\n\n\n<p>Screening at the <a href=\"https:\/\/www.lecranstdenis.fr\/\"><strong>\u00c9cran de Saint-Denis<\/strong><\/a> on February 28th, 2024 (6:30 pm) followed by a <strong>Q&amp;A with director YAMAMOTO Y\u014dko<\/strong>. Theater address: 14 Passage de l\u2019Aqueduc, 93200 Saint-Denis, subway stop: Basilique de Saint-Denis (ligne 13).<\/p>\n\n\n\n<p>\u2192 <strong>Synopsis<\/strong><\/p>\n\n\n\n<p>In 2012, a year before the 2020 Olympics were awarded to the city of Tokyo, I met a man who lived in a park in northeast Tokyo. He was mobilizing people against the eviction of the group of people living there. I asked him, \u201cWhy don&rsquo;t you apply for Social Benefits?\u201d He explained that he collected cans for a living and said: \u201cIf you want, come and see where we live.\u201d The next day, I went there and felt I wanted to record their lives in a film.<\/p>\n\n\n\n<p><strong>\u2192 Director<\/strong><\/p>\n\n\n\n<p>Yoko Yamamoto (Hikari, Japan, 1976) is living in France since 2017. After a Master&rsquo;s degree in linguistics at Chiba University (Japan), she studied photography at the Tokyo School of Photography (2007). Her work as a documentary photographer on a small factory in Tokyo was published in the book <em>T\u014dky\u014d machi k\u014dba <\/em>(Raich\u014dsha, 2008). Her documentary film <em>Living in Tatekawa <\/em>(<em>Tatekawa ni ikiru<\/em>, 2021) was screened in the \u201c<a href=\"https:\/\/lussasdoc.org\/etats-generaux,2022,787.html\">Route du doc \u2013 Japon<\/a>\u201d section during the 2022 <a href=\"http:\/\/www.lussasdoc.org\/\">\u00c9tats g\u00e9n\u00e9raux du film documentaire<\/a> in Lussas (Ard\u00e8che, France).<\/p>\n\n\n\n<p><strong>\u2192 Technical Details<\/strong><\/p>\n\n\n\n<p>Original Title: <em>Tatekawa ni ikiru<\/em> [\u7aea\u5ddd\u306b\u751f\u304d\u308b]<br>Director: YAMAMOTO Y\u014dko [\u5c71\u672c&nbsp;\u5bb9\u5b50]<br>Year: 2021<br>Duration: 100 min.<br>Country: Japan<br>Language : Japanese<br>Subtitles : French or English<br>Production: YAMAMOTO Y\u014dko<br>Photography: YAMAMOTO Y\u014dko<br>Sound: YAMAMOTO Y\u014dko<br>Editing: YAMAMOTO Y\u014dko<\/p>\n\n\n\n<h3><span class=\"has-inline-color has-accent-color\">Tuesday November 14th, 2023 Screening (Paris)<\/span><\/h3>\n\n\n\n<p>Screening at <a href=\"https:\/\/www.forumdesimages.fr\/\"><strong>Forum des images<\/strong><\/a> on November 14th, 2023 (8.30 pm) followed by a <strong>Q&amp;A with director YAMAMOTO Y\u014dko.<\/strong><\/p>\n\n\n\n<h3><span class=\"has-inline-color has-accent-color\">November 17th, 2022 Screening (Tokyo)<\/span><\/h3>\n\n\n\n<p>114th <a href=\"http:\/\/www.videoact.jp\/index.html\">VIDEO ACT!<\/a> screening.<br>6.30 pm at <a href=\"https:\/\/www.tvac.or.jp\/\">Tokyo Voluntary Action Center<\/a> (\u3012162-0823 T\u014dky\u014dto, Shinjuku, Kagurakashi 1-1 &#8211; Central Plaza, 10th floor)<br>Screening followed by an <strong>online<\/strong> <strong>Q&amp;A with director YAMAMOTO Y\u014dko<\/strong>.<\/p>\n\n\n\n<h3><span class=\"has-inline-color has-accent-color\">Friday August 26th, 2022 Screenings (Lussas)<\/span><\/h3>\n\n\n\n<p>Screenings during the <strong><a href=\"http:\/\/www.lussasdoc.org\/\">\u00c9tats g\u00e9n\u00e9raux du film documentaire 2022<\/a><\/strong>   at Lussas (Ard\u00e8che, France). The film was selected in the <a href=\"https:\/\/lussasdoc.org\/etats-generaux,2022,787.html\">Route du doc &#8211; Japon section<\/a>.<br>August 26th, 2022 &#8211; 10.15 am &#8211; Salle Scam<br>August 26th, 2022 &#8211; 9.30 pm &#8211; Salle Moulinage<br>Screenings followed by a <strong>Q&amp;A with director YAMAMOTO Y\u014dko<\/strong>.<\/p>\n","protected":false},"excerpt":{"rendered":"<p>Wednesday February 28th, 2024 Screening (Saint-Denis) Screening at the \u00c9cran de Saint-Denis on February 28th, 2024 (6:30 pm) followed by a Q&amp;A with director YAMAMOTO Y\u014dko. Theater address: 14 Passage de l\u2019Aqueduc, 93200 Saint-Denis, subway stop: Basilique de Saint-Denis (ligne 13). \u2192 Synopsis In 2012, a year before the 2020 Olympics were awarded to the [&hellip;]<\/p>\n","protected":false},"author":1,"featured_media":1073,"comment_status":"closed","ping_status":"open","sticky":false,"template":"","format":"standard","meta":[],"categories":[230,223,217,232,205,215],"tags":[],"_links":{"self":[{"href":"https:\/\/fenetres-japon.fr\/index.php?rest_route=\/wp\/v2\/posts\/1057"}],"collection":[{"href":"https:\/\/fenetres-japon.fr\/index.php?rest_route=\/wp\/v2\/posts"}],"about":[{"href":"https:\/\/fenetres-japon.fr\/index.php?rest_route=\/wp\/v2\/types\/post"}],"author":[{"embeddable":true,"href":"https:\/\/fenetres-japon.fr\/index.php?rest_route=\/wp\/v2\/users\/1"}],"replies":[{"embeddable":true,"href":"https:\/\/fenetres-japon.fr\/index.php?rest_route=%2Fwp%2Fv2%2Fcomments&post=1057"}],"version-history":[{"count":13,"href":"https:\/\/fenetres-japon.fr\/index.php?rest_route=\/wp\/v2\/posts\/1057\/revisions"}],"predecessor-version":[{"id":1376,"href":"https:\/\/fenetres-japon.fr\/index.php?rest_route=\/wp\/v2\/posts\/1057\/revisions\/1376"}],"wp:featuredmedia":[{"embeddable":true,"href":"https:\/\/fenetres-japon.fr\/index.php?rest_route=\/wp\/v2\/media\/1073"}],"wp:attachment":[{"href":"https:\/\/fenetres-japon.fr\/index.php?rest_route=%2Fwp%2Fv2%2Fmedia&parent=1057"}],"wp:term":[{"taxonomy":"category","embeddable":true,"href":"https:\/\/fenetres-japon.fr\/index.php?rest_route=%2Fwp%2Fv2%2Fcategories&post=1057"},{"taxonomy":"post_tag","embeddable":true,"href":"https:\/\/fenetres-japon.fr\/index.php?rest_route=%2Fwp%2Fv2%2Ftags&post=1057"}],"curies":[{"name":"wp","href":"https:\/\/api.w.org\/{rel}","templated":true}]}}