{"id":1114,"date":"2023-09-14T16:05:50","date_gmt":"2023-09-14T14:05:50","guid":{"rendered":"https:\/\/fenetres-japon.fr\/?p=1114"},"modified":"2023-11-18T23:19:31","modified_gmt":"2023-11-18T22:19:31","slug":"le-jury-du-festival-2023","status":"publish","type":"post","link":"https:\/\/fenetres-japon.fr\/?p=1114","title":{"rendered":"Le jury du festival 2023"},"content":{"rendered":"\n<p>Le r\u00f4le du jury est de d\u00e9cerner deux prix \u00e0 l\u2019issue du festival. Les deux films prim\u00e9s feront l\u2019objet d\u2019un sous-titrage en fran\u00e7ais et seront projet\u00e9s \u00e0 nouveau en 2024 \u00e0 Paris et \u00e0 Gen\u00e8ve.<\/p>\n\n\n\n<p>Ses membres sont issus \u00e0 parit\u00e9 des mondes du cin\u00e9ma et des sciences sociales.<\/p>\n\n\n\n<p>\u2192 <strong>C\u00f4t\u00e9 cin\u00e9ma<\/strong><br>Christophe Postic<br>Ina Seghezzi<br>Franck Vidal<\/p>\n\n\n\n<p><strong>\u2192 C\u00f4t\u00e9 sciences sociales<\/strong><br>Jeremy Corral<br>Titouan Po\u00ebnces<br>Kanae Sarugasawa<br><\/p>\n\n\n\n<p>\u2192 <strong>Pr\u00e9sentations des membres du jury<\/strong><\/p>\n\n\n\n<ul><li><strong>Jeremy Corral<\/strong> est historien de la musique. Il a soutenu en 2021 une th\u00e8se portant sur les d\u00e9buts de la musique \u00e9lectroacoustique japonaise et s\u2019int\u00e9resse aujourd\u2019hui de mani\u00e8re g\u00e9n\u00e9rale \u00e0 l\u2019analyse des pratiques musicales et sonores en lien avec les structures sociales dans lesquelles elles s\u2019inscrivent et&nbsp;l\u2019histoire culturelle. Apr\u00e8s avoir enseign\u00e9 \u00e0 l\u2019Inalco et \u00e0 l\u2019Universit\u00e9 des \u00e9tudes \u00e9trang\u00e8res de Tokyo, il a rejoint en 2023 l\u2019Universit\u00e9 Bordeaux Montaigne. Il a publi\u00e9&nbsp;<em><a href=\"https:\/\/www.lespressesdureel.com\/ouvrage.php?id=7073\">Japanoise : extr\u00e9misme et entropie<\/a><\/em>&nbsp;(presses du r\u00e9el, 2019).<\/li><\/ul>\n\n\n\n<ul><li><strong>Titouan Po\u00ebnces<\/strong> est \u00e9tudiant de master \u00e0 l\u2019universit\u00e9 Paris-Cit\u00e9. Apr\u00e8s une classe pr\u00e9paratoire litt\u00e9raire au lyc\u00e9e de K\u00e9richen \u00e0 Brest, il int\u00e8gre le Master de recherche en histoire de Sciences Po Paris. Son m\u00e9moire de recherche, intitul\u00e9 \u00ab \u201cAttica is Every Prison: And Every Prison is Attica\u201d : Fragments visuels d\u2019un soul\u00e8vement carc\u00e9ral (1971-1977) \u00bb, analyse les images de la r\u00e9volte ayant \u00e9clat\u00e9 dans la prison d\u2019Attica, dans l\u2019\u00c9tat de New York, en 1971. Au m\u00eame moment, il rejoint le collectif occupant le cin\u00e9ma La Clef \u00e0 Paris et participe activement \u00e0 l\u2019occupation jusqu&rsquo;\u00e0 l\u2019expulsion du collectif par les forces de l\u2019ordre en mars 2022. Il s\u2019oriente alors vers un master professionnel, le Dipl\u00f4me \u00c9critures du Monde Contemporain, \u00e0 l&rsquo;universit\u00e9 Paris-Cit\u00e9. Dans ce cadre, il r\u00e9alise un premier court-m\u00e9trage documentaire intitul\u00e9 <em>Comme un requin<\/em>, qui suit un jeune homme dans l\u2019ouverture d\u2019un squat en r\u00e9gion parisienne. Il est actuellement charg\u00e9 de la recherche d\u2019archives pour des films documentaires dans une soci\u00e9t\u00e9 de production \u00e0 Paris et travaille sur plusieurs projets de films documentaires.<\/li><\/ul>\n\n\n\n<ul><li><strong>Christophe Postic<\/strong> est codirecteur artistique des \u00ab&nbsp;\u00c9tats g\u00e9n\u00e9raux du film documentaire&nbsp;\u00bb de Lussas depuis 2002 et coprogrammateur en 2022 de la s\u00e9lection \u00ab&nbsp;Route du doc&nbsp;: Japon&nbsp;\u00bb, aux c\u00f4t\u00e9s de TSUCHIDA Tamaki du festival de Yamagata. Il est aussi formateur pour des ateliers d\u2019\u00e9criture de films documentaires en Russie, en Asie centrale et en Guyane notamment avec l\u2019association Doc Monde et occasionnellement producteur au sein de la soci\u00e9t\u00e9 \u00c0 VIF cin\u00e9mas. Il a \u00e9t\u00e9 membre de l\u2019\u00e9quipe \u00e9ditoriale de la plateforme de diffusion de cin\u00e9ma documentaire d\u2019auteur, <a href=\"https:\/\/www.on-tenk.com\/fr\">T\u00ebnk<\/a>, et intervenant de l\u2019atelier de programmation \u00e0 la prison de la Sant\u00e9 \u00e0 Paris avec l\u2019association Les Yeux de l\u2019ou\u00efe.<\/li><\/ul>\n\n\n\n<ul><li><strong>Kanae Sarugasawa<\/strong> est enseignante-chercheuse \u00e0 l\u2019IrAsia (CNRS\/AMU) et chercheuse associ\u00e9e \u00e0 l\u2019IFRAE (CNRS\/Inalco\/Universit\u00e9 Paris-Cit\u00e9). Ses recherches portent sur le stigmate, l\u2019agentivit\u00e9 et le militantisme des populations marginales dans le Japon contemporain, notamment des m\u00e8res c\u00e9libataires (th\u00e8se doctorale) et des travailleur\u00b7se\u00b7s du sexe (recherches actuelles).<\/li><\/ul>\n\n\n\n<ul><li><strong>Ina Seghezzi <\/strong>est r\u00e9alisatrice. Apr\u00e8s des \u00e9tudes de th\u00e9\u00e2tre, cin\u00e9ma et de lettres \u00e0 l\u2019Universit\u00e9 de Vienne et \u00e0 Paris, elle travaille d\u2019abord comme collaboratrice \u00e0 la mise en sc\u00e8ne, dramaturge et metteure en sc\u00e8ne au th\u00e9\u00e2tre et \u00e0 l\u2019Op\u00e9ra de Paris. En 2004, elle suit une formation \u00e0 la r\u00e9alisation documentaire aux Ateliers Varan \u00e0 Paris et r\u00e9alise son premier court-m\u00e9trage, <em>Chair de ta chair<\/em>, suivi de plusieurs court-m\u00e9trages dont <em>St\u00e9phane Hessel, une histoire d\u2019engagement<\/em> (2008), <em>Insomnies<\/em> (2015), <em>Oussama<\/em> (2022) et de deux long-m\u00e9trages <em>Avenue Rivadavia<\/em> (2012) et <em>Histoires de la Plaine<\/em> (2017). Ses films ont \u00e9t\u00e9 s\u00e9lectionn\u00e9s dans divers festivals internationaux (Cin\u00e9ma du R\u00e9el, FIDBA, FIFDH, Doc Outlook Nyon, Festival international du cin\u00e9ma d\u2019Alger\u2026). Ina Seghezzi est par ailleurs enseignante de la pratique de r\u00e9alisation documentaire \u00e0 l\u2019universit\u00e9 Paris-Cit\u00e9 et aux Ateliers Varan.<\/li><\/ul>\n\n\n\n<ul><li><strong>Franck Vidal <\/strong>est actuellement \u00e9tudiant en premi\u00e8re ann\u00e9e du master d\u2019\u00e9tudes japonaises \u00e0 l\u2019Inalco, apr\u00e8s y avoir suivi un cursus de licence. Il s\u2019est form\u00e9 auparavant \u00e0 la cr\u00e9ation audiovisuelle et \u00e0 la r\u00e9alisation cin\u00e9matographique pendant 3 ans puis a travaill\u00e9 dans le secteur de l\u2019audiovisuel dont il conna\u00eet bien les enjeux et probl\u00e9matiques.<\/li><\/ul>\n","protected":false},"excerpt":{"rendered":"<p>Le r\u00f4le du jury est de d\u00e9cerner deux prix \u00e0 l\u2019issue du festival. Les deux films prim\u00e9s feront l\u2019objet d\u2019un sous-titrage en fran\u00e7ais et seront projet\u00e9s \u00e0 nouveau en 2024 \u00e0 Paris et \u00e0 Gen\u00e8ve. Ses membres sont issus \u00e0 parit\u00e9 des mondes du cin\u00e9ma et des sciences sociales. \u2192 C\u00f4t\u00e9 cin\u00e9maChristophe PosticIna SeghezziFranck Vidal [&hellip;]<\/p>\n","protected":false},"author":1,"featured_media":0,"comment_status":"closed","ping_status":"open","sticky":false,"template":"","format":"standard","meta":[],"categories":[159,236],"tags":[234,134],"_links":{"self":[{"href":"https:\/\/fenetres-japon.fr\/index.php?rest_route=\/wp\/v2\/posts\/1114"}],"collection":[{"href":"https:\/\/fenetres-japon.fr\/index.php?rest_route=\/wp\/v2\/posts"}],"about":[{"href":"https:\/\/fenetres-japon.fr\/index.php?rest_route=\/wp\/v2\/types\/post"}],"author":[{"embeddable":true,"href":"https:\/\/fenetres-japon.fr\/index.php?rest_route=\/wp\/v2\/users\/1"}],"replies":[{"embeddable":true,"href":"https:\/\/fenetres-japon.fr\/index.php?rest_route=%2Fwp%2Fv2%2Fcomments&post=1114"}],"version-history":[{"count":15,"href":"https:\/\/fenetres-japon.fr\/index.php?rest_route=\/wp\/v2\/posts\/1114\/revisions"}],"predecessor-version":[{"id":1321,"href":"https:\/\/fenetres-japon.fr\/index.php?rest_route=\/wp\/v2\/posts\/1114\/revisions\/1321"}],"wp:attachment":[{"href":"https:\/\/fenetres-japon.fr\/index.php?rest_route=%2Fwp%2Fv2%2Fmedia&parent=1114"}],"wp:term":[{"taxonomy":"category","embeddable":true,"href":"https:\/\/fenetres-japon.fr\/index.php?rest_route=%2Fwp%2Fv2%2Fcategories&post=1114"},{"taxonomy":"post_tag","embeddable":true,"href":"https:\/\/fenetres-japon.fr\/index.php?rest_route=%2Fwp%2Fv2%2Ftags&post=1114"}],"curies":[{"name":"wp","href":"https:\/\/api.w.org\/{rel}","templated":true}]}}