{"id":1121,"date":"2023-10-12T16:03:21","date_gmt":"2023-10-12T14:03:21","guid":{"rendered":"https:\/\/fenetres-japon.fr\/?p=1121"},"modified":"2023-11-09T15:50:40","modified_gmt":"2023-11-09T14:50:40","slug":"programme-du-festival-2023","status":"publish","type":"post","link":"https:\/\/fenetres-japon.fr\/?p=1121","title":{"rendered":"Programme du festival 2023"},"content":{"rendered":"\n<p>L\u2019\u00e9dition 2023 du festival Fen\u00eatres sur le Japon se tiendra les vendredi 17 et samedi 18 novembre 2023 \u00e0 Paris, dans le treizi\u00e8me arrondissement. Les projections auront lieu le vendredi 17 novembre dans l\u2019<strong>auditorium de l\u2019INALCO<\/strong> (65 rue des Grands Moulins, Paris 13e). Le 18 novembre, elles auront lieu dans l\u2019<strong><strong>amphith\u00e9\u00e2tre Buffon du campus des Grands Moulins de l\u2019Universit\u00e9 Paris Cit\u00e9<\/strong><\/strong> (au RdC du b\u00e2timent Buffon \u2013 l\u2019entr\u00e9e se trouve au 15 rue H\u00e9l\u00e8ne Brion). Pour plus de d\u00e9tails, voir <a href=\"https:\/\/fenetres-japon.fr\/?p=697\">Festival 2023 : d\u00e9tails pratiques<\/a>.<\/p>\n\n\n\n<p><em>L\u2019entr\u00e9e est libre, gratuite et sans inscription, dans la limite des places disponibles. Toutes les projections seront suivies de discussions<\/em>. <em><strong>Du fait de l\u2019application du plan Vigipirate, l\u2019Inalco demande aux visiteurs de pr\u00e9senter une pi\u00e8ce d\u2019identit\u00e9 et de s\u2019inscrire sur un registre avant de pouvoir entrer<\/strong><\/em> \u2013 pr\u00e9cisez que vous venez pour assister au festival qui se tient dans l\u2019auditorium\u2026<\/p>\n\n\n\n<p><\/p>\n\n\n\n<p><strong>\u2192 Vendredi 17 novembre 2023<\/strong><\/p>\n\n\n\n<p class=\"has-text-align-left\"><strong>9 h 15 &#8211; 12 h<\/strong><br><strong><a href=\"https:\/\/fenetres-japon.fr\/?p=1145\">Tokyo Kurds [\u6771\u4eac\u30af\u30eb\u30c9], de HY\u016aGA Fumiari<\/a><\/strong> (vost anglais, 103 min.). La projection sera suivie d\u2019une discussion anim\u00e9e par <strong>Yusuke Kunitomo<\/strong> (Inalco).<\/p>\n\n\n\n<p class=\"has-text-align-left\"><img loading=\"lazy\" width=\"300\" height=\"418\" class=\"wp-image-1219\" style=\"width: 150px;\" src=\"https:\/\/fenetres-japon.fr\/wp-content\/uploads\/2023\/10\/tokyo-kurds-affiche-300x.png\" alt=\"Tokyo Kurds\" srcset=\"https:\/\/fenetres-japon.fr\/wp-content\/uploads\/2023\/10\/tokyo-kurds-affiche-300x.png 300w, https:\/\/fenetres-japon.fr\/wp-content\/uploads\/2023\/10\/tokyo-kurds-affiche-300x-215x300.png 215w\" sizes=\"(max-width: 300px) 100vw, 300px\" \/><\/p>\n\n\n\n<p class=\"has-text-align-left\"><strong>14 h &#8211; 18 h 30<\/strong><br><strong><a href=\"https:\/\/fenetres-japon.fr\/?p=1143\">My Story, The Buraku Story [\u79c1\u306e\u306f\u306a\u3057 \u90e8\u843d\u306e\u306f\u306a\u3057], de MITSUKAWA Y\u016bsaku<\/a><\/strong> (vost anglais, 204 min.). Le film sera projet\u00e9 en deux parties avec une pause de dix minutes entre les deux. La projection sera suivie d\u2019une discussion anim\u00e9e par <strong>Jean-Michel Butel<\/strong> (Inalco).<\/p>\n\n\n\n<p class=\"has-text-align-left\"><img loading=\"lazy\" width=\"300\" height=\"424\" class=\"wp-image-1217\" style=\"width: 150px;\" src=\"https:\/\/fenetres-japon.fr\/wp-content\/uploads\/2023\/10\/my-story-buraku-story-affiche-300x.png\" alt=\"My Story, The Buraku Story\" srcset=\"https:\/\/fenetres-japon.fr\/wp-content\/uploads\/2023\/10\/my-story-buraku-story-affiche-300x.png 300w, https:\/\/fenetres-japon.fr\/wp-content\/uploads\/2023\/10\/my-story-buraku-story-affiche-300x-212x300.png 212w\" sizes=\"(max-width: 300px) 100vw, 300px\" \/><\/p>\n\n\n\n<p class=\"has-text-align-left\"><strong>19 h 00 &#8211; 21 h 30<\/strong><br><strong><a href=\"https:\/\/fenetres-japon.fr\/?p=1141\">Tokyo Uber Blues [\u6771\u4eac\u81ea\u8ee2\u8eca\u7bc0], d\u2019AOYAGI Taku<\/a><\/strong> (vost anglais, 93 min.). La projection sera suivie d\u2019une discussion anim\u00e9e par <strong>Patrick Cingolani<\/strong> (universit\u00e9 Paris-Cit\u00e9).<\/p>\n\n\n\n<p class=\"has-text-align-left\"><img class=\"wp-image-120\" style=\"width: 150px;\" src=\"https:\/\/fenetres-japon.fr\/wp-content\/uploads\/2023\/10\/tokyo-uber-blues-affiche-300x.png\" alt=\"Tokyo Uber Blues\"><\/p>\n\n\n\n<p><strong>\u2192 Samedi 18 novembre 2023<\/strong><\/p>\n\n\n\n<p class=\"has-text-align-left\"><strong>10 h &#8211; 12 h 45<\/strong><br><strong><a href=\"https:\/\/fenetres-japon.fr\/?p=1135\">Education and Nationalism [\u6559\u80b2\u3068\u611b\u56fd], de SAIKA Hisayo<\/a><\/strong> (vost anglais, 107 min.). La projection sera suivie d\u2019une discussion anim\u00e9e par <strong>Constance Sereni<\/strong> (universit\u00e9 de Gen\u00e8ve).<\/p>\n\n\n\n<p><img loading=\"lazy\" width=\"300\" height=\"424\" class=\"wp-image-1216\" style=\"width: 150px;\" src=\"https:\/\/fenetres-japon.fr\/wp-content\/uploads\/2023\/10\/education-and-nationalism-affiche-300x.png\" alt=\"Education and Nationalism\" srcset=\"https:\/\/fenetres-japon.fr\/wp-content\/uploads\/2023\/10\/education-and-nationalism-affiche-300x.png 300w, https:\/\/fenetres-japon.fr\/wp-content\/uploads\/2023\/10\/education-and-nationalism-affiche-300x-212x300.png 212w\" sizes=\"(max-width: 300px) 100vw, 300px\" \/><\/p>\n\n\n\n<p><strong>15 h &#8211; 18 h<\/strong><br><strong><a href=\"https:\/\/fenetres-japon.fr\/?p=1137\">Soupe et Id\u00e9ologie [\u30b9\u30fc\u30d7\u3068\u30a4\u30c7\u30aa\u30ed\u30ae\u30fc], de YANG Yong-hi<\/a><\/strong> (vost fran\u00e7ais, 118 min.). La projection sera suivie d\u2019une discussion anim\u00e9e par <strong>Florence Galmiche<\/strong> (universit\u00e9 Paris-Cit\u00e9).<\/p>\n\n\n\n<p><img loading=\"lazy\" width=\"300\" height=\"423\" class=\"wp-image-1218\" style=\"width: 150px;\" src=\"https:\/\/fenetres-japon.fr\/wp-content\/uploads\/2023\/10\/soupe-et-ideologie-affiche-300x.png\" alt=\"Soupe et Id\u00e9ologie\" srcset=\"https:\/\/fenetres-japon.fr\/wp-content\/uploads\/2023\/10\/soupe-et-ideologie-affiche-300x.png 300w, https:\/\/fenetres-japon.fr\/wp-content\/uploads\/2023\/10\/soupe-et-ideologie-affiche-300x-213x300.png 213w\" sizes=\"(max-width: 300px) 100vw, 300px\" \/><\/p>\n\n\n\n<p><strong>17 h &#8211; 18 h 30<\/strong><br>D\u00e9lib\u00e9rations du jury<\/p>\n\n\n\n<p><strong>18 h 30 &#8211; 19 h 30<\/strong><br>Remise des prix et cl\u00f4ture du festival<\/p>\n","protected":false},"excerpt":{"rendered":"<p>L\u2019\u00e9dition 2023 du festival Fen\u00eatres sur le Japon se tiendra les vendredi 17 et samedi 18 novembre 2023 \u00e0 Paris, dans le treizi\u00e8me arrondissement. Les projections auront lieu le vendredi 17 novembre dans l\u2019auditorium de l\u2019INALCO (65 rue des Grands Moulins, Paris 13e). Le 18 novembre, elles auront lieu dans l\u2019amphith\u00e9\u00e2tre Buffon du campus des [&hellip;]<\/p>\n","protected":false},"author":72,"featured_media":1251,"comment_status":"closed","ping_status":"open","sticky":false,"template":"","format":"standard","meta":[],"categories":[159,238],"tags":[263,265,244,264],"_links":{"self":[{"href":"https:\/\/fenetres-japon.fr\/index.php?rest_route=\/wp\/v2\/posts\/1121"}],"collection":[{"href":"https:\/\/fenetres-japon.fr\/index.php?rest_route=\/wp\/v2\/posts"}],"about":[{"href":"https:\/\/fenetres-japon.fr\/index.php?rest_route=\/wp\/v2\/types\/post"}],"author":[{"embeddable":true,"href":"https:\/\/fenetres-japon.fr\/index.php?rest_route=\/wp\/v2\/users\/72"}],"replies":[{"embeddable":true,"href":"https:\/\/fenetres-japon.fr\/index.php?rest_route=%2Fwp%2Fv2%2Fcomments&post=1121"}],"version-history":[{"count":13,"href":"https:\/\/fenetres-japon.fr\/index.php?rest_route=\/wp\/v2\/posts\/1121\/revisions"}],"predecessor-version":[{"id":1319,"href":"https:\/\/fenetres-japon.fr\/index.php?rest_route=\/wp\/v2\/posts\/1121\/revisions\/1319"}],"wp:featuredmedia":[{"embeddable":true,"href":"https:\/\/fenetres-japon.fr\/index.php?rest_route=\/wp\/v2\/media\/1251"}],"wp:attachment":[{"href":"https:\/\/fenetres-japon.fr\/index.php?rest_route=%2Fwp%2Fv2%2Fmedia&parent=1121"}],"wp:term":[{"taxonomy":"category","embeddable":true,"href":"https:\/\/fenetres-japon.fr\/index.php?rest_route=%2Fwp%2Fv2%2Fcategories&post=1121"},{"taxonomy":"post_tag","embeddable":true,"href":"https:\/\/fenetres-japon.fr\/index.php?rest_route=%2Fwp%2Fv2%2Ftags&post=1121"}],"curies":[{"name":"wp","href":"https:\/\/api.w.org\/{rel}","templated":true}]}}