{"id":1141,"date":"2023-10-12T14:12:55","date_gmt":"2023-10-12T12:12:55","guid":{"rendered":"https:\/\/fenetres-japon.fr\/?p=1141"},"modified":"2025-03-06T12:47:57","modified_gmt":"2025-03-06T11:47:57","slug":"tokyo-uber-blues-%e6%9d%b1%e4%ba%ac%e8%87%aa%e8%bb%a2%e8%bb%8a%e7%af%80-daoyagi-taku","status":"publish","type":"post","link":"https:\/\/fenetres-japon.fr\/?p=1141","title":{"rendered":"Tokyo Uber Blues [\u6771\u4eac\u81ea\u8ee2\u8eca\u7bc0], d\u2019AOYAGI Taku"},"content":{"rendered":"\n<p><strong>\u2192 Donn\u00e9es techniques<\/strong><\/p>\n\n\n\n<p>Titre original : <em>T\u014dky\u014d jitensha bushi<\/em> [\u6771\u4eac\u81ea\u8ee2\u8eca\u7bc0]<br>R\u00e9alisateur : AOYAGI Taku [\u9752\u67f3 \u62d3]<br>Ann\u00e9e : 2022<br>Dur\u00e9e&nbsp;: 93 min.<br>Pays : Japon<br>Langue : japonais<br>Sous-titres : <strong>anglais<\/strong><br>Production : \u014cSAWA Kazuo [\u5927\u6fa4\u4e00\u751f]<br>Image : AOYAGI Taku, TSUJII Kiyoshi [\u8fbb\u4e95\u6f54], \u014cSAWA Kazuo<br>Musique : AKIYAMA Sh\u016b [\u79cb\u5c71\u5468]<br>Montage : TSUJII Kiyoshi<\/p>\n\n\n\n<p>\u2192 <strong>Synopsis<\/strong><\/p>\n\n\n\n<p>Avec la pand\u00e9mie de Covid-19 au Japon, AOYAGI Taku, jeune dipl\u00f4m\u00e9 d\u2019une \u00e9cole de cin\u00e9ma lest\u00e9 d\u2019une dette \u00e9tudiante de 35&nbsp;000&nbsp;\u20ac se retrouve au ch\u00f4mage. Il d\u00e9cide de quitter sa r\u00e9gion natale pour tenter sa chance \u00e0 Tokyo, en rejoignant la plateforme de livraison Uber Eats. \u00c0 l\u2019aide d\u2019un dispositif minimaliste, \u00e9quip\u00e9 de son smartphone et d\u2019une cam\u00e9ra GoPro, le r\u00e9alisateur filme son quotidien. Il nous entra\u00eene dans une plong\u00e9e in\u00e9dite dans la capitale en pleine crise sanitaire, vue du c\u00f4t\u00e9 du monde du travail et des \u00ab&nbsp;indispensables&nbsp;\u00bb. Autobiographie documentaire burlesque d\u2019un Sisyphe mill\u00e9nial, <em>Tokyo Uber Blues<\/em> interroge, non sans autod\u00e9rision, les nouvelles formes d\u2019asservissement du \u00ab&nbsp;capitalisme de plateforme&nbsp;\u00bb et leur impact sur les rapports sociaux.<\/p>\n\n\n\n<p>\u2192 <strong>R\u00e9alisateur<\/strong><\/p>\n\n\n\n<p>N\u00e9 en 1993 \u00e0 Ichikawamisato dans le d\u00e9partement de Yamanashi, AOYAGI Taku s\u2019est form\u00e9 au documentaire \u00e0 l\u2019Institut japonais de l\u2019image anim\u00e9e, l\u2019\u00e9cole de cin\u00e9ma fond\u00e9e par IMAMURA Sh\u014dhei. Il r\u00e9alise le moyen-m\u00e9trage de fin d\u2019\u00e9tude <em>La ville o\u00f9 marche <\/em>H\u012b [<em>H\u012b-kun no aruku machi<\/em> \u3072\u3044\u304f\u3093\u306e\u3042\u308b\u304f\u753a], tourn\u00e9 dans sa ville natale. Le film conna\u00eet m\u00eame une sortie en salles en 2017. En 2019, il participe en tant que cadreur \u00e0 la production de <em>IDOL\u00a0: Ah, impitoyable<\/em> [<em>IDOL \u2013 \u0101 muj\u014d<\/em> IDOL\u2013\u3042\u309d\u7121\u60c5] documentaire sur un camp de recrutement d\u2019idoles de l\u2019agence artistique WACK. Il documente l\u2019exposition du collectif d\u2019artistes contemporains hyslom [\u30d2\u30b9\u30ed\u30e0] en Pologne et r\u00e9alise le court-m\u00e9trage <em>Creuser un puits<\/em> [<em>Ido o, horu<\/em> \u4e95\u6238\u30f2\u3001\u30db\u30eb, 2020] \u00e9galement tourn\u00e9 dans sa ville natale. En 2021 il est s\u00e9lectionn\u00e9 par la revue mensuelle <em>Les Cahiers des beaux-arts<\/em> [<em>Bijutsu tech\u014d<\/em> \u7f8e\u8853\u624b\u5e16] comme l\u2019un des cent artistes prometteurs des ann\u00e9es 2020. <em>Tokyo Uber Blues<\/em> est son premier long m\u00e9trage.<\/p>\n\n\n\n<p>\u2192 <strong>Bande-annonce (vosta)<\/strong><\/p>\n\n\n\n<iframe loading=\"lazy\" title=\"Taku Aoyagi - 2022 - Tokyo Uber Blues [\u6771\u4eac\u81ea\u8ee2\u8eca\u7bc0] - Trailer with English Subtitles\" width=\"100%\" height=\"315\" src=\"https:\/\/videos.globenet.org\/videos\/embed\/68f2fdbf-0355-4fac-a63a-f8a1d86b7f09\" frameborder=\"0\" allowfullscreen=\"\" sandbox=\"allow-same-origin allow-scripts allow-popups allow-forms\"><\/iframe>\n\n\n\n<p><em>Ce film fait partie des 5 documentaires s\u00e9lectionn\u00e9s pour le festival <strong>Fen\u00eatres sur le Japon<\/strong> <strong>2023<\/strong>. Il sera projet\u00e9 le <strong>vendredi 17 novembre 2023 \u00e0 19 h dans l\u2019auditorium de l\u2019INALCO<\/strong> (65 rue des Grands Moulins, Paris 13e). La projection sera suivie d\u2019une discussion.<\/em><\/p>\n","protected":false},"excerpt":{"rendered":"<p>\u2192 Donn\u00e9es techniques Titre original : T\u014dky\u014d jitensha bushi [\u6771\u4eac\u81ea\u8ee2\u8eca\u7bc0]R\u00e9alisateur : AOYAGI Taku [\u9752\u67f3 \u62d3]Ann\u00e9e : 2022Dur\u00e9e&nbsp;: 93 min.Pays : JaponLangue : japonaisSous-titres : anglaisProduction : \u014cSAWA Kazuo [\u5927\u6fa4\u4e00\u751f]Image : AOYAGI Taku, TSUJII Kiyoshi [\u8fbb\u4e95\u6f54], \u014cSAWA KazuoMusique : AKIYAMA Sh\u016b [\u79cb\u5c71\u5468]Montage : TSUJII Kiyoshi \u2192 Synopsis Avec la pand\u00e9mie de Covid-19 au Japon, AOYAGI Taku, [&hellip;]<\/p>\n","protected":false},"author":72,"featured_media":1220,"comment_status":"closed","ping_status":"open","sticky":false,"template":"","format":"standard","meta":[],"categories":[159,240,57],"tags":[294,252,249,244,251],"_links":{"self":[{"href":"https:\/\/fenetres-japon.fr\/index.php?rest_route=\/wp\/v2\/posts\/1141"}],"collection":[{"href":"https:\/\/fenetres-japon.fr\/index.php?rest_route=\/wp\/v2\/posts"}],"about":[{"href":"https:\/\/fenetres-japon.fr\/index.php?rest_route=\/wp\/v2\/types\/post"}],"author":[{"embeddable":true,"href":"https:\/\/fenetres-japon.fr\/index.php?rest_route=\/wp\/v2\/users\/72"}],"replies":[{"embeddable":true,"href":"https:\/\/fenetres-japon.fr\/index.php?rest_route=%2Fwp%2Fv2%2Fcomments&post=1141"}],"version-history":[{"count":24,"href":"https:\/\/fenetres-japon.fr\/index.php?rest_route=\/wp\/v2\/posts\/1141\/revisions"}],"predecessor-version":[{"id":1600,"href":"https:\/\/fenetres-japon.fr\/index.php?rest_route=\/wp\/v2\/posts\/1141\/revisions\/1600"}],"wp:featuredmedia":[{"embeddable":true,"href":"https:\/\/fenetres-japon.fr\/index.php?rest_route=\/wp\/v2\/media\/1220"}],"wp:attachment":[{"href":"https:\/\/fenetres-japon.fr\/index.php?rest_route=%2Fwp%2Fv2%2Fmedia&parent=1141"}],"wp:term":[{"taxonomy":"category","embeddable":true,"href":"https:\/\/fenetres-japon.fr\/index.php?rest_route=%2Fwp%2Fv2%2Fcategories&post=1141"},{"taxonomy":"post_tag","embeddable":true,"href":"https:\/\/fenetres-japon.fr\/index.php?rest_route=%2Fwp%2Fv2%2Ftags&post=1141"}],"curies":[{"name":"wp","href":"https:\/\/api.w.org\/{rel}","templated":true}]}}