



{"id":1453,"date":"2024-06-04T10:51:32","date_gmt":"2024-06-04T08:51:32","guid":{"rendered":"https:\/\/fenetres-japon.fr\/?p=1453"},"modified":"2024-06-13T09:58:55","modified_gmt":"2024-06-13T07:58:55","slug":"festival-2025-details-pratiques","status":"publish","type":"post","link":"https:\/\/fenetres-japon.fr\/?p=1453","title":{"rendered":"Festival 2025 : D\u00e9tails pratiques"},"content":{"rendered":"\n<p>L\u2019\u00e9dition 2025 du festival Fen\u00eatres sur le Japon aura lieu les <strong>vendredi 21 novembre et samedi 22 novembre 2023<\/strong> \u00e0 Paris, dans le treizi\u00e8me arrondissement. <em>L\u2019entr\u00e9e est libre, gratuite et sans inscription, dans la limite des places disponibles.<\/em><\/p>\n\n\n\n<p>\u2192 <strong>Les lieux<\/strong> <strong>du festival (1) : Auditorium de l\u2019INALCO (vendredi 21 novembre 2025)<\/strong><\/p>\n\n\n\n<p>L\u2019<strong>auditorium de l\u2019INALCO<\/strong> se trouve au RdC du 65 rue des Grands Moulins, Paris 13e.<\/p>\n\n\n\n<p>\u2192 <em><strong>Transports<\/strong><\/em><\/p>\n\n\n\n<ul><li>M\u00e9tro Ligne \u246d et RER \u24b8, arr\u00eat Biblioth\u00e8que Fran\u00e7ois Mitterand<\/li><li>Bus Lignes 62 et 89 arr\u00eat Porte de France<\/li><li>Bus Lignes 64 et 132 arr\u00eat Biblioth\u00e8que Fran\u00e7ois Mitterand<\/li><li>Bus Ligne 325, arr\u00eat Watt ou Biblioth\u00e8que Fran\u00e7ois Mitterand<\/li><li>Tramway T3a, arr\u00eat Avenue de France<\/li><\/ul>\n\n\n\n<p><em><strong>\u2192 Plan du quartier<\/strong><\/em><\/p>\n\n\n\n\n\t\t\t\t<div id=\"map_ol3js_1\" class=\"map undefined\" data-map_name=\"undefined\" data-map=\"map_ol3js_1\" style=\"width:95%; max-width:100%; height:450px; display:block; overflow:hidden;border:2px solid grey;\" >\n\t\t\t\t  <div id=\"map_ol3js_1_popup\" class=\"ol-popup\" >\n\t\t\t\t\t<a href=\"#\" id=\"map_ol3js_1_popup-closer\" class=\"ol-popup-closer\"><\/a>\n\t\t\t\t\t<div id=\"map_ol3js_1_popup-content\" ><\/div>\n\t\t\t\t  <\/div>\n\t\t\t\t<\/div>\n\t\t\t\n\t\t\t\t<link rel=\"stylesheet\" href=\"https:\/\/fenetres-japon.fr\/wp-content\/plugins\/osm\/js\/OL\/7.1.0\/ol.css?ver=7.1.0\" type=\"text\/css\">\n\t\t\t\t<link rel=\"stylesheet\" href=\"https:\/\/fenetres-japon.fr\/wp-content\/plugins\/osm\/css\/osm_map_v3.css?ver=1.0.0\" type=\"text\/css\">\n\t\t\t\t<link rel=\"stylesheet\" href=\"https:\/\/fenetres-japon.fr\/wp-content\/plugins\/osm\/css\/osm_map.css?ver=1.0.0\" type=\"text\/css\">\n\t\t\t\t<!-- The line below is only needed for old environments like Internet Explorer and Android 4.x -->\n                                <script src=\"https:\/\/fenetres-japon.fr\/wp-content\/plugins\/osm\/js\/polyfill\/v2\/polyfill.min.js?features=requestAnimationFrame,Element.prototype.classList,URL\"><\/script>\n\n\t\t\t\t<script src=\"https:\/\/fenetres-japon.fr\/wp-content\/plugins\/osm\/js\/OL\/7.1.0\/ol.js?ver=7.1.0\" type=\"text\/javascript\"><\/script>\n\t\t\t\t<script src=\"https:\/\/fenetres-japon.fr\/wp-content\/plugins\/osm\/js\/osm-v3-plugin-lib.js?ver=1.0.0\" type=\"text\/javascript\"><\/script>\n\t\t\t\t<script src=\"https:\/\/fenetres-japon.fr\/wp-content\/plugins\/osm\/js\/osm-metabox-events.js?ver=1.0.0\" type=\"text\/javascript\"><\/script>\n\t\t\t\t<script src=\"https:\/\/fenetres-japon.fr\/wp-content\/plugins\/osm\/js\/osm-startup-lib.js\" type=\"text\/javascript\"><\/script>\n\t\t\t\t<script type=\"text\/javascript\">\n\t\t\t\t\ttranslations['openlayer'] = \"open layer\";\n\t\t\t\t\ttranslations['openlayerAtStartup'] = \"open layer at startup\";\n\t\t\t\t\ttranslations['generateLink'] = \"link to this map with opened layers\";\n\t\t\t\t\ttranslations['shortDescription'] = \"short description\";\n\t\t\t\t\ttranslations['generatedShortCode'] = \"to get a text control link paste this code in your wordpress editor\";\n\t\t\t\t\ttranslations['closeLayer'] = \"close layer\";\n\t\t\t\t\ttranslations['cantGenerateLink'] = \"put this string in the existing map short code to control this map\";\n\t\t\t  <\/script>\n\n\n\t\t\t  <script type=\"text\/javascript\">\n\t\t\t  vectorM['map_ol3js_1'] = [];\n\t        \n        var raster = getTileLayer(\"osm\",\"NoKey\");\t\t\t\n\n\t\t\t  var map_ol3js_1 = new ol.Map({\n\t\t\t\tinteractions: ol.interaction.defaults.defaults({mouseWheelZoom:false}),\n\t\t\t\tlayers: [raster],\n\t\t\t\ttarget: \"map_ol3js_1\",\n\t\t\t\tview: new ol.View({\n\t\t\t\t  center: ol.proj.transform([2.3763,48.8274], \"EPSG:4326\", \"EPSG:3857\"),\n\t\t\t\t  zoom: 15.9\n\t\t\t\t})\n\t\t\t  });\n\t\t\t  addControls2Map(map_ol3js_1,0,0,3,0,5,6,7,1,1);\nosm_addPopupClickhandler(map_ol3js_1,  \"map_ol3js_1\"); \nosm_addMouseHover(map_ol3js_1); <\/script>\n\n\n\n<p>\u2192 <strong>Les lieux<\/strong> <strong>du festival (2) : Amphith\u00e9\u00e2tre Buffon du campus des Grands Moulins de l\u2019Universit\u00e9 Paris Cit\u00e9 (samedi 22 novembre 2025)<\/strong><\/p>\n\n\n\n<p><strong>L\u2019amphith\u00e9\u00e2tre Buffon <\/strong>se situe sur le campus des Grands Moulins de l\u2019Universit\u00e9 de Paris, au RdC du b\u00e2timent du m\u00eame nom. L\u2019entr\u00e9e se trouve au 15 rue H\u00e9l\u00e8ne Brion.<\/p>\n\n\n\n<p><em><strong>\u2192 Transports<\/strong><\/em><\/p>\n\n\n\n<ul><li>M\u00e9tro Ligne \u246d et RER \u24b8, arr\u00eat Biblioth\u00e8que Fran\u00e7ois Mitterand<\/li><li>Bus Lignes 62 et 89 arr\u00eat Porte de France<\/li><li>Bus Lignes 64 et 132 arr\u00eat Biblioth\u00e8que Fran\u00e7ois Mitterand<\/li><li>Bus Ligne 325, arr\u00eat Watt ou Biblioth\u00e8que Fran\u00e7ois Mitterand<\/li><li>Tramway T3a, arr\u00eat Avenue de France<\/li><\/ul>\n\n\n\n<p><em><strong>\u2192 Plan du quartier<\/strong><\/em><\/p>\n\n\n\n\n\t\t\t\t<div id=\"map_ol3js_2\" class=\"map undefined\" data-map_name=\"undefined\" data-map=\"map_ol3js_2\" style=\"width:95%; max-width:100%; height:450px; display:block; overflow:hidden;border:2px solid grey;\" >\n\t\t\t\t  <div id=\"map_ol3js_2_popup\" class=\"ol-popup\" >\n\t\t\t\t\t<a href=\"#\" id=\"map_ol3js_2_popup-closer\" class=\"ol-popup-closer\"><\/a>\n\t\t\t\t\t<div id=\"map_ol3js_2_popup-content\" ><\/div>\n\t\t\t\t  <\/div>\n\t\t\t\t<\/div>\n\t\t\t<script type=\"text\/javascript\">\n\t\t\t  vectorM['map_ol3js_2'] = [];\n\t        \n        var raster = getTileLayer(\"osm\",\"NoKey\");\t\t\t\n\n\t\t\t  var map_ol3js_2 = new ol.Map({\n\t\t\t\tinteractions: ol.interaction.defaults.defaults({mouseWheelZoom:false}),\n\t\t\t\tlayers: [raster],\n\t\t\t\ttarget: \"map_ol3js_2\",\n\t\t\t\tview: new ol.View({\n\t\t\t\t  center: ol.proj.transform([2.3819,48.8288], \"EPSG:4326\", \"EPSG:3857\"),\n\t\t\t\t  zoom: 15.9\n\t\t\t\t})\n\t\t\t  });\n\t\t\t  addControls2Map(map_ol3js_2,0,0,3,0,5,6,7,1,1);\nosm_addPopupClickhandler(map_ol3js_2,  \"map_ol3js_2\"); \nosm_addMouseHover(map_ol3js_2); <\/script>\n","protected":false},"excerpt":{"rendered":"<p>L\u2019\u00e9dition 2025 du festival Fen\u00eatres sur le Japon aura lieu les vendredi 21 novembre et samedi 22 novembre 2023 \u00e0 Paris, dans le treizi\u00e8me arrondissement. L\u2019entr\u00e9e est libre, gratuite et sans inscription, dans la limite des places disponibles. \u2192 Les lieux du festival (1) : Auditorium de l\u2019INALCO (vendredi 21 novembre 2025) L\u2019auditorium de l\u2019INALCO [&hellip;]<\/p>\n","protected":false},"author":1,"featured_media":1463,"comment_status":"closed","ping_status":"open","sticky":false,"template":"","format":"standard","meta":[],"categories":[295],"tags":[],"_links":{"self":[{"href":"https:\/\/fenetres-japon.fr\/index.php?rest_route=\/wp\/v2\/posts\/1453"}],"collection":[{"href":"https:\/\/fenetres-japon.fr\/index.php?rest_route=\/wp\/v2\/posts"}],"about":[{"href":"https:\/\/fenetres-japon.fr\/index.php?rest_route=\/wp\/v2\/types\/post"}],"author":[{"embeddable":true,"href":"https:\/\/fenetres-japon.fr\/index.php?rest_route=\/wp\/v2\/users\/1"}],"replies":[{"embeddable":true,"href":"https:\/\/fenetres-japon.fr\/index.php?rest_route=%2Fwp%2Fv2%2Fcomments&post=1453"}],"version-history":[{"count":1,"href":"https:\/\/fenetres-japon.fr\/index.php?rest_route=\/wp\/v2\/posts\/1453\/revisions"}],"predecessor-version":[{"id":1454,"href":"https:\/\/fenetres-japon.fr\/index.php?rest_route=\/wp\/v2\/posts\/1453\/revisions\/1454"}],"wp:featuredmedia":[{"embeddable":true,"href":"https:\/\/fenetres-japon.fr\/index.php?rest_route=\/wp\/v2\/media\/1463"}],"wp:attachment":[{"href":"https:\/\/fenetres-japon.fr\/index.php?rest_route=%2Fwp%2Fv2%2Fmedia&parent=1453"}],"wp:term":[{"taxonomy":"category","embeddable":true,"href":"https:\/\/fenetres-japon.fr\/index.php?rest_route=%2Fwp%2Fv2%2Fcategories&post=1453"},{"taxonomy":"post_tag","embeddable":true,"href":"https:\/\/fenetres-japon.fr\/index.php?rest_route=%2Fwp%2Fv2%2Ftags&post=1453"}],"curies":[{"name":"wp","href":"https:\/\/api.w.org\/{rel}","templated":true}]}}