{"id":1848,"date":"2025-10-03T11:56:35","date_gmt":"2025-10-03T09:56:35","guid":{"rendered":"https:\/\/fenetres-japon.fr\/?p=1848"},"modified":"2026-03-24T11:35:21","modified_gmt":"2026-03-24T10:35:21","slug":"close-to-the-bone-%e9%aa%a8%e3%82%92%e6%8e%98%e3%82%8b%e7%94%b7-dokuma-katsuya","status":"publish","type":"post","link":"https:\/\/fenetres-japon.fr\/?p=1848","title":{"rendered":"Close to the Bone [\u9aa8\u3092\u6398\u308b\u7537], d\u2019OKUMA Katsuya"},"content":{"rendered":"\n<h3 class=\"has-text-align-center\"><span class=\"has-inline-color has-accent-color\">Projection le 6 mars 2026 (Orl\u00e9ans)<\/span><\/h3>\n\n\n\n<p>Projection <strong>vendredi 6 mars<\/strong> \u00e0<strong> 16 h 30<\/strong> au cin\u00e9ma <strong><a href=\"https:\/\/www.cinemalescarmes.com\/evenement\/2198040-fenetres-sur-le-japon\" target=\"_blank\" rel=\"noreferrer noopener\">Les Carmes<\/a><\/strong> (7 Rue des Carmes, 45000 Orl\u00e9ans). La s\u00e9ance sera suivie d\u2019une <strong>discussion avec Mayumi Shimosakai<\/strong>, ma\u00eetresse de conf\u00e9rences en \u00e9tudes japonaises \u00e0 l\u2019universit\u00e9 d\u2019Orl\u00e9ans. (Possibilit\u00e9 de r\u00e9server un bent\u014d pour apr\u00e8s la s\u00e9ance, 18 h 30.)<\/p>\n\n\n\n<p><strong>\u2192 Donn\u00e9es techniques<\/strong><\/p>\n\n\n\n<p>Titre original&nbsp;: Hone o horu otoko [\u9aa8\u3092\u6398\u308b\u7537]<br>R\u00e9alisateurs&nbsp;: OKUMA Katsuya [\u5965\u9593\u52dd\u4e5f]<br>Ann\u00e9e&nbsp;: 2024<br>Dur\u00e9e&nbsp;: 115 min<br>Pays&nbsp;: Japon<br>Langue&nbsp;: japonais, anglais<br>Production&nbsp;: Moolin Production, Dynamo Production<br>Image&nbsp;: OKUMA Katsuya<br>Son : KAWAKAMI Takuya [\u5ddd\u4e0a\u62d3\u4e5f]<br>Musique : YOSHIHAMA Sh\u014d [\u5409\u6ff1\u7fd4]<br>Montage&nbsp;: OKUMA Katsuya<br>Sous-titres&nbsp;: <strong>fran\u00e7ais<\/strong><\/p>\n\n\n\n<p>\u2192 <strong>Synopsis<\/strong><\/p>\n\n\n\n<p>Pr\u00e8s de 3&nbsp;000 d\u00e9pouilles reposent encore sur l\u2019\u00eele principale d\u2019Okinawa, th\u00e9\u00e2tre de la derni\u00e8re grande bataille terrestre du Pacifique pendant la Seconde Guerre mondiale, et l\u2019une des plus meurtri\u00e8res. Elles appartiennent \u00e0 des habitants et soldats japonais, mais aussi \u00e0 des Am\u00e9ricains, Cor\u00e9ens et Ta\u00efwanais. Le gouvernement japonais pr\u00e9voit pourtant d\u2019utiliser ces d\u00e9combres pour le remblaiement de la mer afin de construire la nouvelle base militaire de Henoko. Depuis plus de 40 ans, GUSHIKEN Takamatsu [\u5177\u5fd7\u5805\u9686\u677e] collecte les restes des victimes, en ayant retrouv\u00e9 environ 400 \u00e0 ce jour. Il se d\u00e9finit comme <em>gamafuy\u0101<\/em> \u30ac\u30de\u30d5\u30e4\u30fc (en dialecte d\u2019Okinawa, <em>gama<\/em> signifie \u00ab&nbsp;abri naturel&nbsp;\u00bb et <em>fuy\u0101<\/em> \u00ab&nbsp;celui qui creuse&nbsp;\u00bb). \u00c0 partir d\u2019os fragment\u00e9s, de bols ou d\u2019\u00e9clats de grenades, il distingue soldats et civils, reconstitue leurs derniers instants et leur rend hommage. Ce documentaire d\u2019OKUMA Katsuya, ayant lui-m\u00eame perdu sa grand-tante lors des combats, d\u00e9crit comment la recherche de restes et d\u2019archives filmiques contribuent \u00e0 entretenir la m\u00e9moire collective de la guerre. Le film explore l\u2019articulation entre pass\u00e9, pr\u00e9sent et futur, tout en interrogeant notre devoir de m\u00e9moire dans un monde marqu\u00e9 par les guerres et les divisions.<\/p>\n\n\n\n<p>\u2192 <strong>R\u00e9alisateur<\/strong><\/p>\n\n\n\n<p>Natif d\u2019Okinawa, apr\u00e8s avoir obtenu un master en litt\u00e9rature \u00e0 l\u2019Universit\u00e9 des Ry\u016bky\u016b, OKUMA Katsuya s\u2019installe \u00e0 Tokyo. Il est assistant r\u00e9alisateur sur la s\u00e9quence okinawa\u00efenne du film <em>Three\u2606Points<\/em> [Sur\u012b pointo \u30b9\u30ea\u30fc\u2606\u30dd\u30a4\u30f3\u30c8] (2011) r\u00e9alis\u00e9 par YAMAMOTO Masashi \u5c71\u672c\u653f\u5fd7. Il participe \u00e0 <em>las barcas<\/em>, m\u00e9dia fond\u00e9 par un collectif de jeunes artistes d\u2019Okinawa. Son moyen-m\u00e9trage <em>Gift<\/em> [Gifuto \u30ae\u30d5\u30c8], fable entre fiction et r\u00e9alit\u00e9 tourn\u00e9e \u00e0 Naha, est s\u00e9lectionn\u00e9 dans la section \u00ab&nbsp;New Asian Currents&nbsp;\u00bb du Festival international du documentaire de Yamagata 2011, ainsi qu\u2019en comp\u00e9tition internationale du festival Vision du R\u00e9el 2012. <em>Each Story<\/em> [Radakku sorezore no monogatari \u30e9\u30c0\u30c3\u30af \u305d\u308c\u305e\u308c\u306e\u7269\u8a9e] tourn\u00e9 dans la r\u00e9gion du Ladakh, dans le nord de l\u2019Inde, est prim\u00e9 par le Festival international du documentaire de Yamagata 2015. Il a \u00e9galement re\u00e7u le prix ATP du meilleur nouveau r\u00e9alisateur d\u00e9cern\u00e9 par l\u2019Association des producteurs de programmes t\u00e9l\u00e9vis\u00e9s japonais pour <em>Le film fant\u00f4me \u00ab Hiroshima \u00bb rena\u00eet aujourd&rsquo;hui : l\u2019h\u00e9ritage des cin\u00e9astes<\/em> [\u3044\u307e\u7526\u308b\u5e7b\u306e\u6620\u753b\u300e\u3072\u308d\u3057\u307e\u300f\u301c\u53d7\u3051\u7d99\u304c\u308c\u3066\u3044\u304f\u6620\u753b\u4eba\u306e\u60f3\u3044\u301c Ima yomigaeru maboroshi no eiga \u201cHiroshima\u201d~ uketsuga rete iku eiga hito no omoi ~] (2015) diffus\u00e9 sur la cha\u00eene WOWOW. Ce documentaire revient sur l\u2019histoire de la conception, production et r\u00e9ception de <em>Hiroshima<\/em> [\u3072\u308d\u3057\u307e] (1953) de Sekigawa Hideo \u95a2\u5ddd\u79c0\u96c4 et la transmission de son h\u00e9ritage.<\/p>\n\n\n\n<p><strong>\u2192 Bande-annonce en japonais sans sous-titres<\/strong><\/p>\n\n\n\n<iframe loading=\"lazy\" title=\"OKUMA Katsuya - 2024 - Close to the Bone [\u9aa8\u3092\u6398\u308b\u7537] - bande-annonce en japonais sans sous-titres\" width=\"100%\" height=\"315\" src=\"https:\/\/videos.globenet.org\/videos\/embed\/85vjqk6LKP5NcenD6RTM9v\" frameborder=\"0\" allowfullscreen=\"\" sandbox=\"allow-same-origin allow-scripts allow-popups allow-forms\"><\/iframe>\n\n\n\n<p><em>Ce film fait partie des 5 documentaires s\u00e9lectionn\u00e9s pour le festival <a href=\"https:\/\/fenetres-japon.fr\/?p=1909\"><strong>Fen\u00eatres sur le Japon<\/strong> <strong>2025<\/strong><\/a>. Il sera projet\u00e9 le <strong>samedi 22 novembre 2025 \u00e0 9 h 15 dans l\u2019amphith\u00e9\u00e2tre Buffon <\/strong>du campus des Grands Moulins de l\u2019universit\u00e9 Paris-Cit\u00e9 (au RdC du b\u00e2timent Buffon \u2013 l\u2019entr\u00e9e se trouve au 15 rue H\u00e9l\u00e8ne Brion, Paris 13e). La projection sera suivie d\u2019une discussion en visioconf\u00e9rence avec le r\u00e9alisateur, anim\u00e9e par <strong>Constance Sereni<\/strong> (universit\u00e9 de Gen\u00e8ve). L\u2019interpr\u00e9tariat sera assur\u00e9 par <strong>Makiko Andro-Ueda<\/strong> (Inalco) et <strong>Aki Yoshida<\/strong> (Inalco).<\/em><\/p>\n","protected":false},"excerpt":{"rendered":"<p>Projection le 6 mars 2026 (Orl\u00e9ans) Projection vendredi 6 mars \u00e0 16 h 30 au cin\u00e9ma Les Carmes (7 Rue des Carmes, 45000 Orl\u00e9ans). La s\u00e9ance sera suivie d\u2019une discussion avec Mayumi Shimosakai, ma\u00eetresse de conf\u00e9rences en \u00e9tudes japonaises \u00e0 l\u2019universit\u00e9 d\u2019Orl\u00e9ans. (Possibilit\u00e9 de r\u00e9server un bent\u014d pour apr\u00e8s la s\u00e9ance, 18 h 30.) \u2192 [&hellip;]<\/p>\n","protected":false},"author":72,"featured_media":1949,"comment_status":"closed","ping_status":"open","sticky":false,"template":"","format":"standard","meta":[],"categories":[295,339,201,57],"tags":[],"_links":{"self":[{"href":"https:\/\/fenetres-japon.fr\/index.php?rest_route=\/wp\/v2\/posts\/1848"}],"collection":[{"href":"https:\/\/fenetres-japon.fr\/index.php?rest_route=\/wp\/v2\/posts"}],"about":[{"href":"https:\/\/fenetres-japon.fr\/index.php?rest_route=\/wp\/v2\/types\/post"}],"author":[{"embeddable":true,"href":"https:\/\/fenetres-japon.fr\/index.php?rest_route=\/wp\/v2\/users\/72"}],"replies":[{"embeddable":true,"href":"https:\/\/fenetres-japon.fr\/index.php?rest_route=%2Fwp%2Fv2%2Fcomments&post=1848"}],"version-history":[{"count":30,"href":"https:\/\/fenetres-japon.fr\/index.php?rest_route=\/wp\/v2\/posts\/1848\/revisions"}],"predecessor-version":[{"id":2227,"href":"https:\/\/fenetres-japon.fr\/index.php?rest_route=\/wp\/v2\/posts\/1848\/revisions\/2227"}],"wp:featuredmedia":[{"embeddable":true,"href":"https:\/\/fenetres-japon.fr\/index.php?rest_route=\/wp\/v2\/media\/1949"}],"wp:attachment":[{"href":"https:\/\/fenetres-japon.fr\/index.php?rest_route=%2Fwp%2Fv2%2Fmedia&parent=1848"}],"wp:term":[{"taxonomy":"category","embeddable":true,"href":"https:\/\/fenetres-japon.fr\/index.php?rest_route=%2Fwp%2Fv2%2Fcategories&post=1848"},{"taxonomy":"post_tag","embeddable":true,"href":"https:\/\/fenetres-japon.fr\/index.php?rest_route=%2Fwp%2Fv2%2Ftags&post=1848"}],"curies":[{"name":"wp","href":"https:\/\/api.w.org\/{rel}","templated":true}]}}