{"id":339,"date":"2021-11-09T19:28:34","date_gmt":"2021-11-09T18:28:34","guid":{"rendered":"https:\/\/fenetres-japon.fr\/?p=339"},"modified":"2024-12-06T14:46:55","modified_gmt":"2024-12-06T13:46:55","slug":"ushiku-%e7%89%9b%e4%b9%85-de-thomas-ash-vendredi-3-decembre-2021","status":"publish","type":"post","link":"https:\/\/fenetres-japon.fr\/?p=339","title":{"rendered":"Ushiku [\u725b\u4e45], de Thomas ASH"},"content":{"rendered":"\n<h3 class=\"has-text-align-center\"><span class=\"has-inline-color has-accent-color\">Projection le 3 d\u00e9cembre 2021 (Paris)<\/span><\/h3>\n\n\n\n<p><em>Ce film fait partie des 5 documentaires s\u00e9lectionn\u00e9s pour le festival <strong>Fen\u00eatres sur le Japon<\/strong> 2021. Il sera project\u00e9 le <strong>vendredi 3 d\u00e9cembre 2021 \u00e0 18 h 30 dans l\u2019auditorium de l\u2019INALCO<\/strong> (65 rue des Grands Moulins, Paris 13e). La projection sera suivie d\u2019une discussion anim\u00e9e par H\u00e9l\u00e8ne Le Bail.<\/em><\/p>\n\n\n\n<p><strong>\u2192 Donn\u00e9es techniques<\/strong><\/p>\n\n\n\n<p>Titre original : Ushiku [\u725b\u4e45]<br>R\u00e9alisateur : Thomas Ash<br>Ann\u00e9e : 2021<br>Dur\u00e9e&nbsp;: 87 min.<br>Pays : Japon<br>Langue : japonais, anglais<br>Sous-titres : <strong>anglais<\/strong><br>Production : Thomas Ash, Daniel Ndevu<br>Image : Thomas Ash<br>Son : Thomas Ash<br>Montage : Thomas Ash<\/p>\n\n\n\n<p>\u2192 <strong>Synopsis<\/strong><\/p>\n\n\n\n<p>Le taux d\u2019acceptation des demandes d\u2019asile au Japon est inf\u00e9rieur \u00e0 1&nbsp;% et le plus bas des pays de l\u2019OCDE. C\u2019est au c\u0153ur d\u2019un des centres de d\u00e9tention des demandeurs d\u2019asile, situ\u00e9 dans la ville d\u2019Ushiku au nord-est de Tokyo, que la cam\u00e9ra de Thomas Ash nous invite \u00e0 p\u00e9n\u00e9trer de mani\u00e8re clandestine afin de recueillir le t\u00e9moignage de demandeurs d\u2019asile emprisonn\u00e9s. D\u2019une force et d\u2019un courage bouleversants, le film d\u00e9peint l\u2019enfer psychique et physique de d\u00e9tentions souvent prolong\u00e9es. Tourn\u00e9 dans le contexte de la pand\u00e9mie de COVID-19 avec, en point de mire, le spectacle des JO de Tokyo, <em>Ushiku<\/em> jette une lumi\u00e8re crue sur une r\u00e9alit\u00e9 m\u00e9connue.<\/p>\n\n\n\n<p>\u2192 <strong>R\u00e9alisateur<\/strong><\/p>\n\n\n\n<p>Thomas ASH est un r\u00e9alisateur de documentaires ind\u00e9pendant n\u00e9 aux \u00c9tats-Unis. Titulaire d\u2019un master en production audiovisuelle de l\u2019universit\u00e9 de Bristol (Royaume-Uni), il vit et travaille au Japon depuis une vingtaine d\u2019ann\u00e9es. Ses films abordent les th\u00e8mes de la sant\u00e9 et de la m\u00e9decine comme dans <em>Dying at Home<\/em> et <em>Suturing Cultures<\/em>, deux documentaires t\u00e9l\u00e9visuels traitant respectivement des soins en fin de vie et de l\u2019avenir des m\u00e9decins au Japon. Son premier long m\u00e9trage, <em>The Ballad of Vicki and Jake<\/em>, portrait d\u2019une famille sans-abri en proie \u00e0 des probl\u00e8mes d\u2019addiction \u00e0 la drogue, a \u00e9t\u00e9 prim\u00e9 au festival Visions du R\u00e9el de 2006. S\u2019ensuit <em>Jake, Not Finished Yet<\/em> en 2009. Dans <em>In the Grey Zone<\/em> puis <em>A2-B-C,<\/em> il s\u2019int\u00e9resse aux enfants vivant dans la zone d\u2019exclusion nucl\u00e9aire apr\u00e8s la catastrophe de Fukushima de mars 2011. Avec <em>-1287<\/em>, il dresse un portrait \u00e9mouvant de Kazuko, une femme en fin de vie \u2013 th\u00e8me qu\u2019il prolonge avec son film suivant <em>Sending Off <\/em>o\u00f9 les patients d\u2019un petit village rural re\u00e7oivent des soins \u00e0 domicile. <em>Ushiku<\/em> est son dernier long-m\u00e9trage. Il a re\u00e7u le prix Nippon Docs du meilleur documentaire lors de la 20<sup>e<\/sup> \u00e9dition du Festival Nippon Connection (Francfort) ainsi que le prix de la comp\u00e9tition Asie lors de la derni\u00e8re \u00e9dition du Festival international du film documentaire DMZ (Cor\u00e9e du Sud).<\/p>\n\n\n\n<p>\u2192 <strong>Bande-annonce (vosta)<\/strong><\/p>\n\n\n\n<iframe loading=\"lazy\" title=\"Ushiku - 2021 - Thomas Ash - Trailer with English Subtitles\" width=\"100%\" height=\"315\" src=\"https:\/\/videos.globenet.org\/videos\/embed\/e1a95b28-b1c8-4f41-a981-c3c83e5c7d28\" frameborder=\"0\" allowfullscreen=\"\" sandbox=\"allow-same-origin allow-scripts allow-popups allow-forms\"><\/iframe>\n","protected":false},"excerpt":{"rendered":"<p>Projection le 3 d\u00e9cembre 2021 (Paris) Ce film fait partie des 5 documentaires s\u00e9lectionn\u00e9s pour le festival Fen\u00eatres sur le Japon 2021. Il sera project\u00e9 le vendredi 3 d\u00e9cembre 2021 \u00e0 18 h 30 dans l\u2019auditorium de l\u2019INALCO (65 rue des Grands Moulins, Paris 13e). La projection sera suivie d\u2019une discussion anim\u00e9e par H\u00e9l\u00e8ne Le [&hellip;]<\/p>\n","protected":false},"author":72,"featured_media":345,"comment_status":"closed","ping_status":"open","sticky":false,"template":"","format":"standard","meta":[],"categories":[54,105,57,13],"tags":[272,244,270],"_links":{"self":[{"href":"https:\/\/fenetres-japon.fr\/index.php?rest_route=\/wp\/v2\/posts\/339"}],"collection":[{"href":"https:\/\/fenetres-japon.fr\/index.php?rest_route=\/wp\/v2\/posts"}],"about":[{"href":"https:\/\/fenetres-japon.fr\/index.php?rest_route=\/wp\/v2\/types\/post"}],"author":[{"embeddable":true,"href":"https:\/\/fenetres-japon.fr\/index.php?rest_route=\/wp\/v2\/users\/72"}],"replies":[{"embeddable":true,"href":"https:\/\/fenetres-japon.fr\/index.php?rest_route=%2Fwp%2Fv2%2Fcomments&post=339"}],"version-history":[{"count":11,"href":"https:\/\/fenetres-japon.fr\/index.php?rest_route=\/wp\/v2\/posts\/339\/revisions"}],"predecessor-version":[{"id":1617,"href":"https:\/\/fenetres-japon.fr\/index.php?rest_route=\/wp\/v2\/posts\/339\/revisions\/1617"}],"wp:featuredmedia":[{"embeddable":true,"href":"https:\/\/fenetres-japon.fr\/index.php?rest_route=\/wp\/v2\/media\/345"}],"wp:attachment":[{"href":"https:\/\/fenetres-japon.fr\/index.php?rest_route=%2Fwp%2Fv2%2Fmedia&parent=339"}],"wp:term":[{"taxonomy":"category","embeddable":true,"href":"https:\/\/fenetres-japon.fr\/index.php?rest_route=%2Fwp%2Fv2%2Fcategories&post=339"},{"taxonomy":"post_tag","embeddable":true,"href":"https:\/\/fenetres-japon.fr\/index.php?rest_route=%2Fwp%2Fv2%2Ftags&post=339"}],"curies":[{"name":"wp","href":"https:\/\/api.w.org\/{rel}","templated":true}]}}